{"id":1351,"date":"2024-11-09T04:06:02","date_gmt":"2024-11-09T02:06:02","guid":{"rendered":"https:\/\/www.comparador-seguros.es\/blog\/?p=1351"},"modified":"2024-11-09T04:06:02","modified_gmt":"2024-11-09T02:06:02","slug":"cadaveres-en-valencia","status":"publish","type":"post","link":"https:\/\/www.comparador-seguros.es\/blog\/noticias\/cadaveres-en-valencia\/","title":{"rendered":"Encuentran m\u00e1s cad\u00e1veres en Valencia tras paso de DANA"},"content":{"rendered":"<p><span style=\"font-weight: 400;\">El anuncio sobre el hallazgo de nuevos cad\u00e1veres en Valencia tras el impactante paso de la DANA por esta zona, sigue siendo algo muy complicado de procesar. Hasta el momento se sabe que hay m\u00e1s de 200 fallecidos, lo que es igual a <\/span><b>m\u00e1s de 200 historias s\u00faper dolorosas.<\/b><\/p>\n<p><span style=\"font-weight: 400;\">Una de las historias m\u00e1s tristes y m\u00e1s virales hasta el momento, es la de Susana. Se trata de una chica con s\u00edndrome de Down quien <\/span><b>ha sido declarada \u00abmuerta\u00bb <\/b><span style=\"font-weight: 400;\">recientemente tras el paso de la DANA.<\/span><\/p>\n<p><span style=\"font-weight: 400;\">El cuerpo de la chica se consigui\u00f3 recientemente en la localidad donde viv\u00eda la joven. Adem\u00e1s, <\/span><b>el padre de Susana tambi\u00e9n se encuentra desaparecido,<\/b><span style=\"font-weight: 400;\"> y quien inform\u00f3 inicialmente sobre la situaci\u00f3n fue la madre de la chica.<\/span><\/p>\n<table>\n<tbody>\n<tr>\n<td><b>Post en tendencia: <\/b><a title=\"Vuelven las mascarillas ante el repunte de gripe\" href=\"https:\/\/www.comparador-seguros.es\/blog\/noticias\/las-mascarillas-gripe\/\" target=\"_blank\" rel=\"noopener\"><b>\u00bfVuelven las mascarillas ante el repunte de gripe? \u00a1Esto dice Sanidad!<\/b><\/a><\/td>\n<\/tr>\n<\/tbody>\n<\/table>\n<h2><\/h2>\n<div id=\"ez-toc-container\" class=\"ez-toc-v2_0_82_2 counter-hierarchy ez-toc-counter ez-toc-grey ez-toc-container-direction\">\n<div class=\"ez-toc-title-container\">\n<p class=\"ez-toc-title\" style=\"cursor:inherit\">Table of Contents<\/p>\n<span class=\"ez-toc-title-toggle\"><a href=\"#\" class=\"ez-toc-pull-right ez-toc-btn ez-toc-btn-xs ez-toc-btn-default ez-toc-toggle\" aria-label=\"Alternar tabla de contenidos\"><span class=\"ez-toc-js-icon-con\"><span class=\"\"><span class=\"eztoc-hide\" style=\"display:none;\">Toggle<\/span><span class=\"ez-toc-icon-toggle-span\"><svg style=\"fill: #999;color:#999\" xmlns=\"http:\/\/www.w3.org\/2000\/svg\" class=\"list-377408\" width=\"20px\" height=\"20px\" viewBox=\"0 0 24 24\" fill=\"none\"><path d=\"M6 6H4v2h2V6zm14 0H8v2h12V6zM4 11h2v2H4v-2zm16 0H8v2h12v-2zM4 16h2v2H4v-2zm16 0H8v2h12v-2z\" fill=\"currentColor\"><\/path><\/svg><svg style=\"fill: #999;color:#999\" class=\"arrow-unsorted-368013\" xmlns=\"http:\/\/www.w3.org\/2000\/svg\" width=\"10px\" height=\"10px\" viewBox=\"0 0 24 24\" version=\"1.2\" baseProfile=\"tiny\"><path d=\"M18.2 9.3l-6.2-6.3-6.2 6.3c-.2.2-.3.4-.3.7s.1.5.3.7c.2.2.4.3.7.3h11c.3 0 .5-.1.7-.3.2-.2.3-.5.3-.7s-.1-.5-.3-.7zM5.8 14.7l6.2 6.3 6.2-6.3c.2-.2.3-.5.3-.7s-.1-.5-.3-.7c-.2-.2-.4-.3-.7-.3h-11c-.3 0-.5.1-.7.3-.2.2-.3.5-.3.7s.1.5.3.7z\"\/><\/svg><\/span><\/span><\/span><\/a><\/span><\/div>\n<nav><ul class='ez-toc-list ez-toc-list-level-1 ' ><li class='ez-toc-page-1 ez-toc-heading-level-2'><a class=\"ez-toc-link ez-toc-heading-1\" href=\"https:\/\/www.comparador-seguros.es\/blog\/noticias\/cadaveres-en-valencia\/#%C2%BFCuantos_cadaveres_en_Valencia_han_sido_encontrados\" >\u00bfCu\u00e1ntos cad\u00e1veres en Valencia han sido encontrados?<\/a><\/li><li class='ez-toc-page-1 ez-toc-heading-level-2'><a class=\"ez-toc-link ez-toc-heading-2\" href=\"https:\/\/www.comparador-seguros.es\/blog\/noticias\/cadaveres-en-valencia\/#La_busqueda_de_una_madre_que_contagio_de_nostalgia\" >La b\u00fasqueda de una madre que contagi\u00f3 de nostalgia<\/a><\/li><li class='ez-toc-page-1 ez-toc-heading-level-2'><a class=\"ez-toc-link ez-toc-heading-3\" href=\"https:\/\/www.comparador-seguros.es\/blog\/noticias\/cadaveres-en-valencia\/#%C2%BFYa_ha_sido_localizado_el_padre\" >\u00bfYa ha sido localizado el padre?\u00a0<\/a><\/li><\/ul><\/nav><\/div>\n<h2><span class=\"ez-toc-section\" id=\"%C2%BFCuantos_cadaveres_en_Valencia_han_sido_encontrados\"><\/span><span style=\"color: #ff6600;\"><b>\u00bfCu\u00e1ntos cad\u00e1veres en Valencia han sido encontrados?<\/b><\/span><span class=\"ez-toc-section-end\"><\/span><\/h2>\n<p><span style=\"font-weight: 400;\">Van 211 personas fallecidas tras el paso de la DANA en Espa\u00f1a, adem\u00e1s hay m\u00e1s de 78 personas desaparecidas. Las labores de b\u00fasqueda, rescate y limpieza han seguido su curso en las comunidades m\u00e1s afectadas.\u00a0<\/span><\/p>\n<p><b>Los fallecidos escalan a 219 personas<\/b><span style=\"font-weight: 400;\"> si se toma en consideraci\u00f3n a las personas halladas en Andaluc\u00eda y en Castilla La-Mancha. Cientos de historias tr\u00e1gicas y familiares que a\u00fan lloran y se lamentan por lo sucedido, es lo que se ha vivido recientemente en la ciudad.<\/span><\/p>\n<table>\n<tbody>\n<tr>\n<td>\n<p style=\"text-align: center;\"><span style=\"font-weight: 400;\">\u00bfQuieres obtener un respaldo y protecci\u00f3n ante riesgos? \u00a1Conseguimos la mejor opci\u00f3n para ti! Usa el <\/span><a title=\"comparador de seguros de salud\" href=\"https:\/\/www.seguros-generales.es\/seguros-salud.html\" target=\"_blank\" rel=\"noopener\"><b>comparador de seguros de salud<\/b><\/a> <span style=\"font-weight: 400;\">gratis.<\/span><\/p>\n<\/td>\n<\/tr>\n<\/tbody>\n<\/table>\n<h2><\/h2>\n<h2><span class=\"ez-toc-section\" id=\"La_busqueda_de_una_madre_que_contagio_de_nostalgia\"><\/span><span style=\"color: #ff6600;\"><b>La b\u00fasqueda de una madre que contagi\u00f3 de nostalgia<\/b><\/span><span class=\"ez-toc-section-end\"><\/span><\/h2>\n<p><span style=\"font-weight: 400;\">La madre de la joven con s\u00edndrome de Down que muri\u00f3 durante el paso de la DANA ha explicado c\u00f3mo han sido los d\u00edas en medio de la tragedia. Indic\u00f3 que <\/span><b>perdi\u00f3 la pista a su familia desde el 29 de octubre<\/b><span style=\"font-weight: 400;\">, cuando la riada desat\u00f3 el caos.<\/span><\/p>\n<p><span style=\"font-weight: 400;\">La madre comenta que estuvo hablando con su esposo poco tiempo antes de que el paso de la DANA en Valencia resultar\u00e1 en un show de terror. El \u00faltimo mensaje que tuvo de su marido fue <em><strong>\u00abMadre m\u00eda, c\u00f3mo pasa el agua\u00bb.<\/strong><\/em><\/span><\/p>\n<p><a href=\"https:\/\/www.seguros-generales.es\/seguros-salud.html\" target=\"_blank\" rel=\"noopener\"><img loading=\"lazy\" decoding=\"async\" class=\"aligncenter wp-image-1325 size-full\" title=\"comparador de seguros de salud\" src=\"https:\/\/www.comparador-seguros.es\/blog\/wp-content\/uploads\/2024\/08\/PARA-POST-SALUD.png\" alt=\"comparador de seguros de salud\" width=\"600\" height=\"200\" srcset=\"https:\/\/www.comparador-seguros.es\/blog\/wp-content\/uploads\/2024\/08\/PARA-POST-SALUD.png 600w, https:\/\/www.comparador-seguros.es\/blog\/wp-content\/uploads\/2024\/08\/PARA-POST-SALUD-480x160.png 480w\" sizes=\"(min-width: 0px) and (max-width: 480px) 480px, (min-width: 481px) 600px, 100vw\" \/><\/a><\/p>\n<p><span style=\"font-weight: 400;\">Los efectivos de Emergencia y algunos miembros de la familia se acercaron hasta la casa en la que se encontraba el esposo de Susana y su hija. Sin embargo, la riada ya hab\u00eda sacado a ambos de all\u00ed, el agua solo dej\u00f3 10 cent\u00edmetros antes de tocar el techo.<\/span><\/p>\n<p><span style=\"font-weight: 400;\">Por su parte, los veh\u00edculos de la familia tampoco se encontraron en la escena. Y fue entonces cuando la pesadilla comenz\u00f3, porque fueron muchos d\u00edas estando desaparecidos.<\/span><\/p>\n<table>\n<tbody>\n<tr>\n<td><b>Post en tendencia: <\/b><a title=\"Beneficios del uso de hilo dental\" href=\"https:\/\/www.comparador-seguros.es\/blog\/noticias\/uso-de-hilo-dental\/\" target=\"_blank\" rel=\"noopener\"><b>Beneficios del uso de hilo dental que aprueban los dentistas<\/b><\/a><\/td>\n<\/tr>\n<\/tbody>\n<\/table>\n<h2><\/h2>\n<h2><span class=\"ez-toc-section\" id=\"%C2%BFYa_ha_sido_localizado_el_padre\"><\/span><span style=\"color: #ff6600;\"><b>\u00bfYa ha sido localizado el padre?\u00a0<\/b><\/span><span class=\"ez-toc-section-end\"><\/span><\/h2>\n<p><span style=\"font-weight: 400;\">Ahora se encontr\u00f3 el cuerpo de la hija, lamentablemente falleci\u00f3 en el hecho. Sin embargo, el esposo de la madre todav\u00eda n<\/span><b>o ha sido localizado ni como sobreviviente ni en sus restos mortales.\u00a0<\/b><\/p>\n<p><span style=\"font-weight: 400;\">La madre de la v\u00edctima se mostr\u00f3 muy activa en redes sociales, tratando de obtener m\u00e1s apoyo para conseguir a sus familiares. Y tras conocerse la noticia del fallecimiento mencion\u00f3: <\/span><b><i>\u00abLes agradezco a todos su ayuda y respeto y espero que entiendan mi deseo de recogimiento con mi familia\u00bb.<\/i><\/b><\/p>\n","protected":false},"excerpt":{"rendered":"<p>El anuncio sobre el hallazgo de nuevos cad\u00e1veres en Valencia tras el impactante paso de la DANA por esta zona, sigue siendo algo muy complicado de procesar. Hasta el momento se sabe que hay m\u00e1s de 200 fallecidos, lo que es igual a m\u00e1s de 200 historias s\u00faper dolorosas. Una de las historias m\u00e1s tristes [&hellip;]<\/p>\n","protected":false},"author":5,"featured_media":1352,"comment_status":"open","ping_status":"open","sticky":false,"template":"","format":"standard","meta":{"_et_pb_use_builder":"","_et_pb_old_content":"","_et_gb_content_width":"","footnotes":""},"categories":[618],"tags":[982,987,984,986,983,985],"class_list":["post-1351","post","type-post","status-publish","format-standard","has-post-thumbnail","hentry","category-noticias","tag-cadaveres-valencia","tag-cuantos-muertos-hay-por-dana","tag-desaparecidos-por-dana","tag-fallecidos-dana","tag-muertos-por-dana","tag-muertos-por-la-dana"],"_links":{"self":[{"href":"https:\/\/www.comparador-seguros.es\/blog\/wp-json\/wp\/v2\/posts\/1351","targetHints":{"allow":["GET"]}}],"collection":[{"href":"https:\/\/www.comparador-seguros.es\/blog\/wp-json\/wp\/v2\/posts"}],"about":[{"href":"https:\/\/www.comparador-seguros.es\/blog\/wp-json\/wp\/v2\/types\/post"}],"author":[{"embeddable":true,"href":"https:\/\/www.comparador-seguros.es\/blog\/wp-json\/wp\/v2\/users\/5"}],"replies":[{"embeddable":true,"href":"https:\/\/www.comparador-seguros.es\/blog\/wp-json\/wp\/v2\/comments?post=1351"}],"version-history":[{"count":2,"href":"https:\/\/www.comparador-seguros.es\/blog\/wp-json\/wp\/v2\/posts\/1351\/revisions"}],"predecessor-version":[{"id":1354,"href":"https:\/\/www.comparador-seguros.es\/blog\/wp-json\/wp\/v2\/posts\/1351\/revisions\/1354"}],"wp:featuredmedia":[{"embeddable":true,"href":"https:\/\/www.comparador-seguros.es\/blog\/wp-json\/wp\/v2\/media\/1352"}],"wp:attachment":[{"href":"https:\/\/www.comparador-seguros.es\/blog\/wp-json\/wp\/v2\/media?parent=1351"}],"wp:term":[{"taxonomy":"category","embeddable":true,"href":"https:\/\/www.comparador-seguros.es\/blog\/wp-json\/wp\/v2\/categories?post=1351"},{"taxonomy":"post_tag","embeddable":true,"href":"https:\/\/www.comparador-seguros.es\/blog\/wp-json\/wp\/v2\/tags?post=1351"}],"curies":[{"name":"wp","href":"https:\/\/api.w.org\/{rel}","templated":true}]}}